{"id":3603,"date":"2021-01-08T11:06:32","date_gmt":"2021-01-08T10:06:32","guid":{"rendered":"https:\/\/baumgartner.hr\/suzuki\/?p=3603"},"modified":"2021-09-20T11:58:47","modified_gmt":"2021-09-20T09:58:47","slug":"posebna-ponuda-suzuki-vozila-s-lagera","status":"publish","type":"post","link":"https:\/\/baumgartner.hr\/suzuki\/2021\/01\/08\/posebna-ponuda-suzuki-vozila-s-lagera\/","title":{"rendered":"Posebna ponuda Suzuki vozila s lagera"},"content":{"rendered":"\n<p>AC Baumgartner predstavlja posebnu ponudu SUZUKI vozila s lagera. Uz to, u salonima u \u010cakovcu i Vara\u017edinu o\u010dekuju vas bogati poklon paketi i posebne ponude dodatne opreme. <\/p>\n\n\n\n<p>Do\u0111ite na probnu vo\u017enju i saznajte za\u0161to su Suzuki automobili najprodavaniji, najsigurniji i najudobniji na hrvatskom tr\u017ei\u0161tu. Jednako su dobri za obiteljsku vo\u017enju, ali i off-road avanture. <\/p>\n\n\n\n<p>Posjetite nas u \u010cakovcu i Vara\u017edinu i na\u0161i \u0107e vam ljubazni i stru\u010dni prodava\u010di predstaviti sve karakteristike Suzuki modela.<\/p>\n","protected":false},"excerpt":{"rendered":"<p>AC Baumgartner predstavlja posebnu ponudu SUZUKI vozila s lagera. Uz to, u salonima u \u010cakovcu i Vara\u017edinu o\u010dekuju vas bogati poklon paketi i posebne ponude dodatne opreme. Do\u0111ite na probnu vo\u017enju i saznajte za\u0161to su Suzuki automobili najprodavaniji, najsigurniji i najudobniji na hrvatskom tr\u017ei\u0161tu. Jednako su dobri za obiteljsku vo\u017enju, ali i off-road avanture. Posjetite [&hellip;]<\/p>\n","protected":false},"author":5,"featured_media":3605,"comment_status":"open","ping_status":"open","sticky":true,"template":"","format":"standard","meta":{"_acf_changed":false,"_et_pb_use_builder":"off","_et_pb_old_content":"","_et_gb_content_width":"","footnotes":""},"categories":[8],"tags":[19,20,18],"class_list":["post-3603","post","type-post","status-publish","format-standard","has-post-thumbnail","hentry","category-vijesti","tag-baumgartner","tag-lagerska-vozila","tag-suzuki"],"acf":[],"_links":{"self":[{"href":"https:\/\/baumgartner.hr\/suzuki\/wp-json\/wp\/v2\/posts\/3603"}],"collection":[{"href":"https:\/\/baumgartner.hr\/suzuki\/wp-json\/wp\/v2\/posts"}],"about":[{"href":"https:\/\/baumgartner.hr\/suzuki\/wp-json\/wp\/v2\/types\/post"}],"author":[{"embeddable":true,"href":"https:\/\/baumgartner.hr\/suzuki\/wp-json\/wp\/v2\/users\/5"}],"replies":[{"embeddable":true,"href":"https:\/\/baumgartner.hr\/suzuki\/wp-json\/wp\/v2\/comments?post=3603"}],"version-history":[{"count":2,"href":"https:\/\/baumgartner.hr\/suzuki\/wp-json\/wp\/v2\/posts\/3603\/revisions"}],"predecessor-version":[{"id":5245,"href":"https:\/\/baumgartner.hr\/suzuki\/wp-json\/wp\/v2\/posts\/3603\/revisions\/5245"}],"wp:featuredmedia":[{"embeddable":true,"href":"https:\/\/baumgartner.hr\/suzuki\/wp-json\/wp\/v2\/media\/3605"}],"wp:attachment":[{"href":"https:\/\/baumgartner.hr\/suzuki\/wp-json\/wp\/v2\/media?parent=3603"}],"wp:term":[{"taxonomy":"category","embeddable":true,"href":"https:\/\/baumgartner.hr\/suzuki\/wp-json\/wp\/v2\/categories?post=3603"},{"taxonomy":"post_tag","embeddable":true,"href":"https:\/\/baumgartner.hr\/suzuki\/wp-json\/wp\/v2\/tags?post=3603"}],"curies":[{"name":"wp","href":"https:\/\/api.w.org\/{rel}","templated":true}]}}